{"id":5436,"date":"2018-03-02T13:06:16","date_gmt":"2018-03-02T12:06:16","guid":{"rendered":"https:\/\/www.participation4-0.eu\/?p=5436"},"modified":"2020-07-03T13:03:38","modified_gmt":"2020-07-03T11:03:38","slug":"treffen-lebenshilfe-werkstaetten","status":"publish","type":"post","link":"https:\/\/www.participation4-0.eu\/fr\/news\/treffen-lebenshilfe-werkstaetten\/","title":{"rendered":"D\u00e9couverte des ateliers prot\u00e9g\u00e9s de la Lebenshilfe"},"content":{"rendered":"<section class=\"cs-section\"><div class=\"container\"><div class=\"row\"><div class=\"col-md-12\"><div class=\"cs-column-inner\"><div class=\"cs-column-text\"><p>Pour rendre accessible le march\u00e9 du travail des deux c\u00f4t\u00e9s du Rhin aux personnes en situation de handicap, il faut mieux connaitre la situation dans les deux pays. C\u2019est \u00e0 cette t\u00e2che que ce sont attel\u00e9s les partenaires du projet cette semaine en se retrouvant dans les locaux de la Lebenshilfe \u00e0 Offenburg. La matin\u00e9e s\u2019est poursuivie par une visite de nos ateliers afin d\u2019y donner un aper\u00e7u de l\u2019organisation du travail, comment certaines t\u00e2ches ont \u00e9t\u00e9 simplifi\u00e9es pour cr\u00e9er d<span class=\"text_exposed_show\">es postes de travail, augmenter l\u2019acc\u00e8s \u00e0 l\u2019emploi pour tous.<\/span><\/p>\n<\/div><\/div><\/div><\/div><\/div><\/section>\n","protected":false},"excerpt":{"rendered":"<p><span class=\"entry-read-more\"><a href=\"https:\/\/www.participation4-0.eu\/fr\/news\/treffen-lebenshilfe-werkstaetten\/\" class=\"cs-btn cs-btn-flat cs-btn-rounded cs-btn-xxs cs-btn-flat-accent\">Lire la suite<\/a><\/span><\/p>\n","protected":false},"author":1,"featured_media":5438,"comment_status":"open","ping_status":"open","sticky":false,"template":"","format":"standard","meta":{"footnotes":""},"categories":[1],"tags":[],"class_list":["post-5436","post","type-post","status-publish","format-standard","has-post-thumbnail","hentry","category-news"],"_links":{"self":[{"href":"https:\/\/www.participation4-0.eu\/fr\/wp-json\/wp\/v2\/posts\/5436","targetHints":{"allow":["GET"]}}],"collection":[{"href":"https:\/\/www.participation4-0.eu\/fr\/wp-json\/wp\/v2\/posts"}],"about":[{"href":"https:\/\/www.participation4-0.eu\/fr\/wp-json\/wp\/v2\/types\/post"}],"author":[{"embeddable":true,"href":"https:\/\/www.participation4-0.eu\/fr\/wp-json\/wp\/v2\/users\/1"}],"replies":[{"embeddable":true,"href":"https:\/\/www.participation4-0.eu\/fr\/wp-json\/wp\/v2\/comments?post=5436"}],"version-history":[{"count":5,"href":"https:\/\/www.participation4-0.eu\/fr\/wp-json\/wp\/v2\/posts\/5436\/revisions"}],"predecessor-version":[{"id":5793,"href":"https:\/\/www.participation4-0.eu\/fr\/wp-json\/wp\/v2\/posts\/5436\/revisions\/5793"}],"wp:featuredmedia":[{"embeddable":true,"href":"https:\/\/www.participation4-0.eu\/fr\/wp-json\/wp\/v2\/media\/5438"}],"wp:attachment":[{"href":"https:\/\/www.participation4-0.eu\/fr\/wp-json\/wp\/v2\/media?parent=5436"}],"wp:term":[{"taxonomy":"category","embeddable":true,"href":"https:\/\/www.participation4-0.eu\/fr\/wp-json\/wp\/v2\/categories?post=5436"},{"taxonomy":"post_tag","embeddable":true,"href":"https:\/\/www.participation4-0.eu\/fr\/wp-json\/wp\/v2\/tags?post=5436"}],"curies":[{"name":"wp","href":"https:\/\/api.w.org\/{rel}","templated":true}]}}