{"id":5462,"date":"2019-05-17T13:25:44","date_gmt":"2019-05-17T11:25:44","guid":{"rendered":"https:\/\/www.participation4-0.eu\/?p=5462"},"modified":"2020-07-03T09:04:09","modified_gmt":"2020-07-03T07:04:09","slug":"wirtschaftsforum-mit-der-regierungspraesidentin-baerbel-schaefer","status":"publish","type":"post","link":"https:\/\/www.participation4-0.eu\/fr\/news\/wirtschaftsforum-mit-der-regierungspraesidentin-baerbel-schaefer\/","title":{"rendered":"Forum \u00e9conomique avec Mme B\u00e4rbel Sch\u00e4fer, Pr\u00e9sidente du Regierungspr\u00e4sidium de Freiburg"},"content":{"rendered":"<section class=\"cs-section\"><div class=\"container\"><div class=\"row\"><div class=\"col-md-12\"><div class=\"cs-column-inner\"><div class=\"cs-column-text\"><p>Quelques images de notre forum \u00e9conomique.<br \/>\nNous sommes ravis de l&rsquo;int\u00e9r\u00eat des entreprises pr\u00e9sentes, nombreuses \u00e0 s&rsquo;\u00eatre d\u00e9plac\u00e9es<br \/>\nNous tenons \u00e0 remercier tout particuli\u00e8rement Mme B\u00e4rbel Sch\u00e4fer, Pr\u00e9sidente du Regierungspr\u00e4sidium Freiburg, pour sa pr\u00e9sence et son soutien au projet.<\/p>\n<p>Retrouvez ici plus d&rsquo;informations sur le forum: <a href=\"https:\/\/www.lebenshilfe-offenburg.de\/service\/aktuelles\/detailansicht\/?tx_news_pi1%5Bnews%5D=28&#038;tx_news_pi1%5Bcontroller%5D=News&#038;tx_news_pi1%5Baction%5D=detail&#038;cHash=3f0a7242d1725b039257a91768021e68&#038;fbclid=IwAR2ThWq1XfnQw3iu2rJ-4JeoeDsjICeItcj4anry4mzSVL2ReXSl_D3fFaQ\" target=\"_blank\" rel=\"noopener nofollow noreferrer\" data-ft=\"{\" data-lynx-mode=\"async\" data-lynx-uri=\"https:\/\/l.facebook.com\/l.php?u=https%3A%2F%2Fwww.lebenshilfe-offenburg.de%2Fservice%2Faktuelles%2Fdetailansicht%2F%3Ftx_news_pi1%255Bnews%255D%3D28%26tx_news_pi1%255Bcontroller%255D%3DNews%26tx_news_pi1%255Baction%255D%3Ddetail%26cHash%3D3f0a7242d1725b039257a91768021e68%26fbclid%3DIwAR2ThWq1XfnQw3iu2rJ-4JeoeDsjICeItcj4anry4mzSVL2ReXSl_D3fFaQ&#038;h=AT19u4X5_61Es46-6qtH1nQZhl-AyR6ouq-3tnXuXstAvgSxta1meXzBnOs4v-0JNI3gP1FbgFC5JGNNqq187pEePBH6XobOeDg-Bdgx3107hHILNFe3bye1WrMShBXuhwJCOHi-2iahlUA5nqUxsy-KY51Qid2oRbKko3B9ZTsu12NuQXNseytgWaiDSUghTjcu1E-pTNgIKjcTjOwqxo_AQ_fF4rhI0kreJDPLq_HVvKIjHlxVbAQfkLI3YRtcu6pWKN0qjNGzA1a6eMW-eX3RGYvltxkIBmjV_-u4bNY6N_dKzYtp9X6O0WGIV-57Z8S7W6kCpogrSNS2T_qa7hkJhRxYv_MPhvCJLsbEXUoMxMuOLqaMOnCr8jrQj2K7QrPGbVEDOT37AxbvJC__fXwx73IZLN5SprztNqZZBJ_q3GXGdU6c0c_BkT0h9niiss5vxxaJdkwNZEeSFvb5CTsSGMhSqSQwfBqcNTK26Sk_IsjOdpqiUQP_z9c42hytDEkIWRVb7Lkar3jTBmW7l6n5-e4Y2KmH7Gj_lZ_NU3s_NmhG-ayXydtwc997MTYIkVcWdJGJ-3FdHlL438aPg_gpkPX0L9Lb_XgMzI1L1T_Yaiupufn8VYYX3PUmL45obA\">https:\/\/www.lebenshilfe-offenburg.de\/\u2026\/aktu\u2026\/detailansicht\/\u2026<\/a><\/p>\n<\/div><\/div><\/div><\/div><\/div><\/section>\n","protected":false},"excerpt":{"rendered":"<p><span class=\"entry-read-more\"><a href=\"https:\/\/www.participation4-0.eu\/fr\/news\/wirtschaftsforum-mit-der-regierungspraesidentin-baerbel-schaefer\/\" class=\"cs-btn cs-btn-flat cs-btn-rounded cs-btn-xxs cs-btn-flat-accent\">Lire la suite<\/a><\/span><\/p>\n","protected":false},"author":1,"featured_media":5464,"comment_status":"open","ping_status":"open","sticky":false,"template":"","format":"standard","meta":{"footnotes":""},"categories":[1],"tags":[],"class_list":["post-5462","post","type-post","status-publish","format-standard","has-post-thumbnail","hentry","category-news"],"_links":{"self":[{"href":"https:\/\/www.participation4-0.eu\/fr\/wp-json\/wp\/v2\/posts\/5462","targetHints":{"allow":["GET"]}}],"collection":[{"href":"https:\/\/www.participation4-0.eu\/fr\/wp-json\/wp\/v2\/posts"}],"about":[{"href":"https:\/\/www.participation4-0.eu\/fr\/wp-json\/wp\/v2\/types\/post"}],"author":[{"embeddable":true,"href":"https:\/\/www.participation4-0.eu\/fr\/wp-json\/wp\/v2\/users\/1"}],"replies":[{"embeddable":true,"href":"https:\/\/www.participation4-0.eu\/fr\/wp-json\/wp\/v2\/comments?post=5462"}],"version-history":[{"count":6,"href":"https:\/\/www.participation4-0.eu\/fr\/wp-json\/wp\/v2\/posts\/5462\/revisions"}],"predecessor-version":[{"id":5777,"href":"https:\/\/www.participation4-0.eu\/fr\/wp-json\/wp\/v2\/posts\/5462\/revisions\/5777"}],"wp:featuredmedia":[{"embeddable":true,"href":"https:\/\/www.participation4-0.eu\/fr\/wp-json\/wp\/v2\/media\/5464"}],"wp:attachment":[{"href":"https:\/\/www.participation4-0.eu\/fr\/wp-json\/wp\/v2\/media?parent=5462"}],"wp:term":[{"taxonomy":"category","embeddable":true,"href":"https:\/\/www.participation4-0.eu\/fr\/wp-json\/wp\/v2\/categories?post=5462"},{"taxonomy":"post_tag","embeddable":true,"href":"https:\/\/www.participation4-0.eu\/fr\/wp-json\/wp\/v2\/tags?post=5462"}],"curies":[{"name":"wp","href":"https:\/\/api.w.org\/{rel}","templated":true}]}}