{"id":5471,"date":"2019-12-19T13:31:13","date_gmt":"2019-12-19T12:31:13","guid":{"rendered":"https:\/\/www.participation4-0.eu\/?p=5471"},"modified":"2020-07-02T14:58:15","modified_gmt":"2020-07-02T12:58:15","slug":"treffen-beim-europaeischen-verbraucherschutz","status":"publish","type":"post","link":"https:\/\/www.participation4-0.eu\/fr\/news\/treffen-beim-europaeischen-verbraucherschutz\/","title":{"rendered":"Rencontre avec l\u2019\u00e9quipe du centre europ\u00e9en de la consommation"},"content":{"rendered":"<section class=\"cs-section\"><div class=\"container\"><div class=\"row\"><div class=\"col-md-12\"><div class=\"cs-column-inner\"><div class=\"cs-column-text\"><p>Rencontre avec l\u2019\u00e9quipe du centre europ\u00e9en de la consommation en charge du projet \u00ab Vivre son handicap dans la r\u00e9gion frontali\u00e8re \u00bb port\u00e9 par le conseil d\u00e9paremental du Bas-Rhin pour \u00e9changer sur l\u2019emploi et la mobilit\u00e9 transfrontaliers des personnes handicap\u00e9es.<\/p>\n<\/div><\/div><\/div><\/div><\/div><\/section>\n","protected":false},"excerpt":{"rendered":"<p><span class=\"entry-read-more\"><a href=\"https:\/\/www.participation4-0.eu\/fr\/news\/treffen-beim-europaeischen-verbraucherschutz\/\" class=\"cs-btn cs-btn-flat cs-btn-rounded cs-btn-xxs cs-btn-flat-accent\">Lire la suite<\/a><\/span><\/p>\n","protected":false},"author":1,"featured_media":5473,"comment_status":"open","ping_status":"open","sticky":false,"template":"","format":"standard","meta":{"footnotes":""},"categories":[1],"tags":[],"class_list":["post-5471","post","type-post","status-publish","format-standard","has-post-thumbnail","hentry","category-news"],"_links":{"self":[{"href":"https:\/\/www.participation4-0.eu\/fr\/wp-json\/wp\/v2\/posts\/5471","targetHints":{"allow":["GET"]}}],"collection":[{"href":"https:\/\/www.participation4-0.eu\/fr\/wp-json\/wp\/v2\/posts"}],"about":[{"href":"https:\/\/www.participation4-0.eu\/fr\/wp-json\/wp\/v2\/types\/post"}],"author":[{"embeddable":true,"href":"https:\/\/www.participation4-0.eu\/fr\/wp-json\/wp\/v2\/users\/1"}],"replies":[{"embeddable":true,"href":"https:\/\/www.participation4-0.eu\/fr\/wp-json\/wp\/v2\/comments?post=5471"}],"version-history":[{"count":7,"href":"https:\/\/www.participation4-0.eu\/fr\/wp-json\/wp\/v2\/posts\/5471\/revisions"}],"predecessor-version":[{"id":5767,"href":"https:\/\/www.participation4-0.eu\/fr\/wp-json\/wp\/v2\/posts\/5471\/revisions\/5767"}],"wp:featuredmedia":[{"embeddable":true,"href":"https:\/\/www.participation4-0.eu\/fr\/wp-json\/wp\/v2\/media\/5473"}],"wp:attachment":[{"href":"https:\/\/www.participation4-0.eu\/fr\/wp-json\/wp\/v2\/media?parent=5471"}],"wp:term":[{"taxonomy":"category","embeddable":true,"href":"https:\/\/www.participation4-0.eu\/fr\/wp-json\/wp\/v2\/categories?post=5471"},{"taxonomy":"post_tag","embeddable":true,"href":"https:\/\/www.participation4-0.eu\/fr\/wp-json\/wp\/v2\/tags?post=5471"}],"curies":[{"name":"wp","href":"https:\/\/api.w.org\/{rel}","templated":true}]}}