{"id":6517,"date":"2021-02-25T13:04:51","date_gmt":"2021-02-25T12:04:51","guid":{"rendered":"https:\/\/www.participation4-0.eu\/fr\/?p=6517"},"modified":"2021-03-02T14:48:46","modified_gmt":"2021-03-02T13:48:46","slug":"atelier-collaboratif-lever-les-freins-lies-au-transfrontalier","status":"publish","type":"post","link":"https:\/\/www.participation4-0.eu\/fr\/news\/atelier-collaboratif-lever-les-freins-lies-au-transfrontalier\/","title":{"rendered":"R\u00e9union de cl\u00f4ture du projet"},"content":{"rendered":"<section class=\"cs-section\"><div class=\"container\"><div class=\"row\"><div class=\"col-md-12\"><div class=\"cs-column-inner\"><div class=\"cs-column-text\"><p>Un grand merci \u00e0 TOUS les participants de notre \u00e9v\u00e9nement de cl\u00f4ture et \u00e0 tous nos partenaires pour leur engagement dans la coop\u00e9ration franco-allemande. <strong>Continuons \u00e0 travailler ensemble pour l\u2019inclusion transfrontali\u00e8re !<\/strong><\/p>\n<\/div>[vc_single_image image=\u00a0\u00bb6505&Prime; img_size=\u00a0\u00bblarge\u00a0\u00bb][vc_single_image image=\u00a0\u00bb6506&Prime; img_size=\u00a0\u00bblarge\u00a0\u00bb][vc_video link=\u00a0\u00bbhttps:\/\/www.youtube.com\/watch?v=oXWjj4Cy3Vk&#038;list=PLSxsuPwii1qFkQ5aL0uQPaL2h5piZSWW7&#038;index=4&Prime;][vc_video link=\u00a0\u00bbhttps:\/\/www.youtube.com\/watch?v=nQJcy54BqMY&#038;list=PLSxsuPwii1qFkQ5aL0uQPaL2h5piZSWW7&#038;index=3&Prime;]<\/div><\/div><\/div><\/div><\/section><section class=\"cs-section\"><div class=\"container\"><div class=\"row\"><div class=\"col-md-12\"><div class=\"cs-column-inner\"><\/div><\/div><\/div><\/div><\/section>\n","protected":false},"excerpt":{"rendered":"<p><span class=\"entry-read-more\"><a href=\"https:\/\/www.participation4-0.eu\/fr\/news\/atelier-collaboratif-lever-les-freins-lies-au-transfrontalier\/\" class=\"cs-btn cs-btn-flat cs-btn-rounded cs-btn-xxs cs-btn-flat-accent\">Lire la suite<\/a><\/span><\/p>\n","protected":false},"author":1,"featured_media":6514,"comment_status":"closed","ping_status":"open","sticky":false,"template":"","format":"standard","meta":{"footnotes":""},"categories":[1],"tags":[],"class_list":["post-6517","post","type-post","status-publish","format-standard","has-post-thumbnail","hentry","category-news"],"_links":{"self":[{"href":"https:\/\/www.participation4-0.eu\/fr\/wp-json\/wp\/v2\/posts\/6517","targetHints":{"allow":["GET"]}}],"collection":[{"href":"https:\/\/www.participation4-0.eu\/fr\/wp-json\/wp\/v2\/posts"}],"about":[{"href":"https:\/\/www.participation4-0.eu\/fr\/wp-json\/wp\/v2\/types\/post"}],"author":[{"embeddable":true,"href":"https:\/\/www.participation4-0.eu\/fr\/wp-json\/wp\/v2\/users\/1"}],"replies":[{"embeddable":true,"href":"https:\/\/www.participation4-0.eu\/fr\/wp-json\/wp\/v2\/comments?post=6517"}],"version-history":[{"count":17,"href":"https:\/\/www.participation4-0.eu\/fr\/wp-json\/wp\/v2\/posts\/6517\/revisions"}],"predecessor-version":[{"id":6536,"href":"https:\/\/www.participation4-0.eu\/fr\/wp-json\/wp\/v2\/posts\/6517\/revisions\/6536"}],"wp:featuredmedia":[{"embeddable":true,"href":"https:\/\/www.participation4-0.eu\/fr\/wp-json\/wp\/v2\/media\/6514"}],"wp:attachment":[{"href":"https:\/\/www.participation4-0.eu\/fr\/wp-json\/wp\/v2\/media?parent=6517"}],"wp:term":[{"taxonomy":"category","embeddable":true,"href":"https:\/\/www.participation4-0.eu\/fr\/wp-json\/wp\/v2\/categories?post=6517"},{"taxonomy":"post_tag","embeddable":true,"href":"https:\/\/www.participation4-0.eu\/fr\/wp-json\/wp\/v2\/tags?post=6517"}],"curies":[{"name":"wp","href":"https:\/\/api.w.org\/{rel}","templated":true}]}}